[{"@context":"https:\/\/schema.org\/","@type":"Article","@id":"https:\/\/www.kasea.cz\/umely-buxus-vam-nezajde\/#Article","mainEntityOfPage":"https:\/\/www.kasea.cz\/umely-buxus-vam-nezajde\/","headline":"Um\u011bl\u00fd buxus v\u00e1m nezajde","name":"Um\u011bl\u00fd buxus v\u00e1m nezajde","description":"Svatebn\u00ed oslavy Sou\u010d\u00e1st\u00ed svatebn\u00edch oslav b\u00fdvaj\u00ed i myrtov\u00e9 v\u011btvi\u010dky, p\u0159ip\u00edchnut\u00e9 spolu s b\u00edlou stu\u017ekou na klopy saka \u010di d\u00e1msk\u00e9 \u0161aty. N\u011bkdy se nam\u00edsto myrty vyu\u017e\u00edv\u00e1 i \u017eiv\u00fd buxus, podstatn\u00e9 je, \u017ee oba st\u00e1lezelen\u00e9 ke\u0159\u00edky maj\u00ed velmi dekorativn\u00ed l\u00edstky, nesm\u00edrn\u011b drobn\u00e9, jemn\u00e9 a atraktivn\u00ed. O atraktivit\u011b buxusu se v\u0161ak m\u016f\u017eete p\u0159esv\u011bd\u010dit i v podob\u011b zast\u0159i\u017een\u00fdch ke\u0159\u016f [&hellip;]","datePublished":"2023-11-21","dateModified":"2023-12-21","author":{"@type":"Person","@id":"https:\/\/www.kasea.cz\/author\/#Person","name":"","url":"https:\/\/www.kasea.cz\/author\/","identifier":1,"image":{"@type":"ImageObject","@id":"https:\/\/secure.gravatar.com\/avatar\/046c8368865b87ac6ea06cde0e0a80b91304a43fe31de210702ad59bbd9a1974?s=96&d=mm&r=g","url":"https:\/\/secure.gravatar.com\/avatar\/046c8368865b87ac6ea06cde0e0a80b91304a43fe31de210702ad59bbd9a1974?s=96&d=mm&r=g","height":96,"width":96}},"publisher":{"@type":"Organization","name":"kasea.cz","logo":{"@type":"ImageObject","@id":"\/logo.png","url":"\/logo.png","width":600,"height":60}},"image":{"@type":"ImageObject","@id":"https:\/\/www.kasea.cz\/wp-content\/uploads\/book-80220_640.jpg","url":"https:\/\/www.kasea.cz\/wp-content\/uploads\/book-80220_640.jpg","height":0,"width":0},"url":"https:\/\/www.kasea.cz\/umely-buxus-vam-nezajde\/","about":["Zbo\u017e\u00ed"],"wordCount":414,"articleBody":"       Svatebn\u00ed oslavySou\u010d\u00e1st\u00ed svatebn\u00edch oslav b\u00fdvaj\u00ed i myrtov\u00e9 v\u011btvi\u010dky, p\u0159ip\u00edchnut\u00e9 spolu s b\u00edlou stu\u017ekou na klopy saka \u010di d\u00e1msk\u00e9 \u0161aty. N\u011bkdy se nam\u00edsto myrty vyu\u017e\u00edv\u00e1 i \u017eiv\u00fd buxus, podstatn\u00e9 je, \u017ee oba st\u00e1lezelen\u00e9 ke\u0159\u00edky maj\u00ed velmi dekorativn\u00ed l\u00edstky, nesm\u00edrn\u011b drobn\u00e9, jemn\u00e9 a atraktivn\u00ed. O atraktivit\u011b buxusu se v\u0161ak m\u016f\u017eete p\u0159esv\u011bd\u010dit i v podob\u011b zast\u0159i\u017een\u00fdch ke\u0159\u016f do r\u016fzn\u00fdch tvar\u016f, velmi \u010dasto se z nich buduj\u00ed \u017eiv\u00e9 ploty a b\u00fdvaj\u00ed i p\u0159ekr\u00e1snou v\u00fdzdobou rozs\u00e1hl\u00fdch komplex\u016f z\u00e1meck\u00fdch park\u016f.Jen\u017ee buxus, neboli zimostr\u00e1z, je rostlina velmi n\u00e1chyln\u00e1 na napaden\u00ed \u0161k\u016fdci, nap\u0159\u00edklad zav\u00edje\u010dem zimostr\u00e1zov\u00fdm. Jeho p\u016fvodn\u00ed domovinou nebyl n\u00e1\u0161 evropsk\u00fd kontinent, zav\u00edje\u010d se k n\u00e1m dostal v pr\u016fb\u011bhu transportu t\u011bchto rostlin ze vzd\u00e1len\u011bj\u0161\u00edch oblast\u00ed, a za\u010dal tu decimovat ve velk\u00e9m mnoho buxusov\u00fdch h\u00e1j\u016f a okrasn\u00fdch ploch.I z tohoto d\u016fvodu se od v\u00fdsadby \u017eiv\u00fdch buxus\u016f na n\u011bkter\u00fdch m\u00edstech ustupuje a lid\u00e9 si po\u0159izuj\u00ed um\u011bl\u00fd buxus. Na prvn\u00ed pohled je tak\u0159ka k nerozezn\u00e1n\u00ed od \u017eiv\u00e9 rostliny, je natolik dekorativn\u00ed, \u017ee se hod\u00ed pr\u00e1v\u011b pro svatebn\u00ed oslavy, firemn\u00ed ve\u010d\u00edrky, promoce, abiturientsk\u00e9 srazy atd.V\u00fdzdoba terasy a baz\u00e9nuUm\u011bl\u00fd buxus lepaso.cz m\u016f\u017eete m\u00edt samoz\u0159ejm\u011b i doma v ob\u00fdv\u00e1ku, v d\u011btsk\u00e9m pokoji nebo v lo\u017enici, ale jeho kouzlo vynikne zejm\u00e9na venku na terase, ve spole\u010denstv\u00ed kvetouc\u00edch azalek \u010di mu\u0161k\u00e1t\u016f, anebo jako samostatn\u00e1 dekorace ke kamenn\u00e9, d\u0159ev\u011bn\u00e9 \u010di keramick\u00e9 dla\u017eb\u011b, a k venkovn\u00edmu baz\u00e9nu. Buxusov\u00e9 olist\u011bn\u00ed m\u016f\u017ee m\u00edt tvar koule, v\u00e1lce, ku\u017eelu, anebo mu ponech\u00e1te p\u0159\u00edrodn\u00ed vzez\u0159en\u00ed.A chcete-li si vyzdobit vstupn\u00ed dve\u0159e do domu \u010di bytu, v\u011bnec z um\u011bl\u00e9ho buxusu v\u00e1m tu m\u016f\u017ee d\u011blat spole\u010dnost po cel\u00fd rok, pouze jej v\u017edy dozdob\u00edte aktu\u00e1ln\u00edmi t\u00e9maty Velikonoc, V\u00e1noc apod. V\u011bnce na dve\u0159\u00edch vytvo\u0159\u00ed velmi vesel\u00e9 prost\u0159ed\u00ed a rozhodn\u011b si nebudete p\u0159ipadat podivn\u011b, kdy\u017e m\u00e1te p\u0159ed vchodem zav\u011b\u0161en\u00fd plastov\u00fd v\u00fdrobek. http:\/\/foodnet.cz\/slozka\/%3Fjmeno%3DThe%2Bbrand%2B%2522Czech%2BProduct%2522%26id%3D1086                                                                                                                                                                                                                                                                                                                                                                                           4\/5 - (1 vote)        "},{"@context":"https:\/\/schema.org\/","@type":"BreadcrumbList","itemListElement":[{"@type":"ListItem","position":1,"name":"Um\u011bl\u00fd buxus v\u00e1m nezajde","item":"https:\/\/www.kasea.cz\/umely-buxus-vam-nezajde\/#breadcrumbitem"}]}]