[{"@context":"https:\/\/schema.org\/","@type":"Article","@id":"https:\/\/www.kasea.cz\/kdyz-za-vas-uklid-spolecnych-prostor-v-panelaku-vezme-nekdo-jiny\/#Article","mainEntityOfPage":"https:\/\/www.kasea.cz\/kdyz-za-vas-uklid-spolecnych-prostor-v-panelaku-vezme-nekdo-jiny\/","headline":"Kdy\u017e za v\u00e1s \u00faklid spole\u010dn\u00fdch prostor v panel\u00e1ku vezme n\u011bkdo jin\u00fd","name":"Kdy\u017e za v\u00e1s \u00faklid spole\u010dn\u00fdch prostor v panel\u00e1ku vezme n\u011bkdo jin\u00fd","description":"Kdyby byli v\u0161ichni lid\u00e9 pracovit\u00ed, spolehliv\u00ed, empati\u010dt\u00ed, ob\u011btav\u00ed a naslouchali nejen sv\u00fdm pot\u0159eb\u00e1m, ale i pot\u0159eb\u00e1m druh\u00fdch, to by se n\u00e1m tu \u017eilo. Nap\u0159\u00edklad pokud by bylo zapot\u0159eb\u00ed prov\u00e1d\u011bt \u00faklid spole\u010dn\u00fdch prostor v panel\u00e1ku, ka\u017ed\u00fd by si hled\u011bl sv\u00e9 pr\u00e1ce dle rozpisu pro jednotliv\u00e9 partaje, \u00faklid by se prov\u00e1d\u011bl pravideln\u011b a d\u016fsledn\u011b a v dom\u011b [&hellip;]","datePublished":"2025-01-18","dateModified":"2025-01-18","author":{"@type":"Person","@id":"https:\/\/www.kasea.cz\/author\/#Person","name":"","url":"https:\/\/www.kasea.cz\/author\/","identifier":1,"image":{"@type":"ImageObject","@id":"https:\/\/secure.gravatar.com\/avatar\/046c8368865b87ac6ea06cde0e0a80b91304a43fe31de210702ad59bbd9a1974?s=96&d=mm&r=g","url":"https:\/\/secure.gravatar.com\/avatar\/046c8368865b87ac6ea06cde0e0a80b91304a43fe31de210702ad59bbd9a1974?s=96&d=mm&r=g","height":96,"width":96}},"publisher":{"@type":"Organization","name":"kasea.cz","logo":{"@type":"ImageObject","@id":"\/logo.png","url":"\/logo.png","width":600,"height":60}},"image":{"@type":"ImageObject","@id":"https:\/\/www.kasea.cz\/wp-content\/uploads\/dirt-6752128_640_10_10_8.jpg","url":"https:\/\/www.kasea.cz\/wp-content\/uploads\/dirt-6752128_640_10_10_8.jpg","height":0,"width":0},"url":"https:\/\/www.kasea.cz\/kdyz-za-vas-uklid-spolecnych-prostor-v-panelaku-vezme-nekdo-jiny\/","about":["Podnik\u00e1n\u00ed"],"wordCount":429,"articleBody":"           Kdyby byli v\u0161ichni lid\u00e9 pracovit\u00ed, spolehliv\u00ed, empati\u010dt\u00ed, ob\u011btav\u00ed a naslouchali nejen sv\u00fdm pot\u0159eb\u00e1m, ale i pot\u0159eb\u00e1m druh\u00fdch, to by se n\u00e1m tu \u017eilo. Nap\u0159\u00edklad pokud by bylo zapot\u0159eb\u00ed prov\u00e1d\u011bt \u00faklid spole\u010dn\u00fdch prostor v panel\u00e1ku, ka\u017ed\u00fd by si hled\u011bl sv\u00e9 pr\u00e1ce dle rozpisu pro jednotliv\u00e9 partaje, \u00faklid by se prov\u00e1d\u011bl pravideln\u011b a d\u016fsledn\u011b a v dom\u011b by byl po\u0159\u00e1dek a bylo by tu \u010disto. Z\u00e1rove\u0148 by byli lid\u00e9 k sob\u011b ohledupln\u00e1 co se t\u00fd\u010de nadm\u011brn\u00e9ho hluku, nikdo by nikoho neobt\u011b\u017eoval, jeden druh\u00e9mu by pom\u00e1hal t\u0159eba s n\u00e1kupem, lid\u00e9 by se tu nav\u0161t\u011bvovali, po\u0159\u00e1dali \u010dast\u00e9 ve\u010d\u00edrky a \u017eivot by p\u0159ipom\u00ednal rajskou zahradu. Tak je tomu t\u0159eba na n\u011bkter\u00fdch vysp\u011bl\u00fdch planet\u00e1ch, ale tady je to prozat\u00edm utopie. Aby byli v\u0161ichni lid\u00e9 v panelov\u00e9m dom\u011b takov\u00ed, to je velmi m\u00e1lo pravd\u011bpodobn\u00e9, a \u00faklid spole\u010dn\u00fdch prostor je pak probl\u00e9m. N\u011bkdo neukl\u00edz\u00ed v\u016fbec zcela z\u00e1m\u011brn\u011b, n\u011bkdo se vymlouv\u00e1, n\u011bkdo ukl\u00edz\u00ed jen sporadicky a klidn\u011b se m\u016f\u017ee st\u00e1t, \u017ee si kv\u016fli \u00faklidu lid\u00e9 vjedou do vlas\u016f. M\u00e1te-li ve va\u0161em dom\u011b probl\u00e9m s dodr\u017eov\u00e1n\u00edm term\u00edn\u016f \u00faklidu spole\u010dn\u00fdch prostor a zp\u016fsobuje v\u00e1m to jist\u00e1 traumata a stres, zkuste si odhlasovat na domovn\u00ed sch\u016fzi n\u00e1vrh, zda by se o \u00faklid nepostarala \u00faklidov\u00e1 firma.\u00daklid panelov\u00fdch dom\u016f v Praze Modr\u00fd \u017eralok je b\u011b\u017enou \u010dinnost\u00ed \u00faklidov\u00fdch firem, ty si berou na starost v\u0161e, co s t\u00edm souvis\u00ed, tedy zamet\u00e1n\u00ed a vyt\u00edr\u00e1n\u00ed schodi\u0161\u0165, \u00faklid kabinky v\u00fdtahu, vstupn\u00edho vestibulu s po\u0161tovn\u00edmi schr\u00e1nkami a prosklen\u00fdmi dve\u0159mi, myt\u00ed sv\u00edtidel, vyp\u00edna\u010d\u016f, z\u00e1bradl\u00ed a tak\u00e9 ob\u010dasn\u00e9  http:\/\/zpravy.idnes.cz\/tydenni-predpoved-pocasi-meteorolog-chmu-fgg-\/domaci.aspx%3Fc%3DA170619_064458_domaci_jol um\u00fdv\u00e1n\u00ed oken a okenn\u00edch parapet\u016f (dle vz\u00e1jemn\u00e9 dohody). Pravideln\u00fd \u00faklid je pro \u00faklidovou firmu z\u00e1vazn\u00fd, ta se sna\u017e\u00ed jej dodr\u017eet a pracovat tak, aby nep\u0159i\u0161la o zak\u00e1zku, a pro v\u00e1s v dom\u011b to znamen\u00e1 v\u00edce klidu a pohody a m\u00e9n\u011b dohad\u016f. Odpadne v\u00e1m tak jedna z nejv\u011bt\u0161\u00edch starost\u00ed v dom\u011b a budete tak\u00e9 m\u00edt v\u00edce \u010dasu na sebe, na svou rodinu a sv\u00e9 p\u0159\u00e1tele.                                                                                                                                                                                                                                                                                                                                                                                           3.5\/5 - (4 votes)        "},{"@context":"https:\/\/schema.org\/","@type":"BreadcrumbList","itemListElement":[{"@type":"ListItem","position":1,"name":"Kdy\u017e za v\u00e1s \u00faklid spole\u010dn\u00fdch prostor v panel\u00e1ku vezme n\u011bkdo jin\u00fd","item":"https:\/\/www.kasea.cz\/kdyz-za-vas-uklid-spolecnych-prostor-v-panelaku-vezme-nekdo-jiny\/#breadcrumbitem"}]}]